{"id":23333,"date":"2026-05-02T17:58:49","date_gmt":"2026-05-02T17:58:49","guid":{"rendered":"https:\/\/visionsinaloaportal.com.mx\/?p=23333"},"modified":"2026-05-02T21:16:46","modified_gmt":"2026-05-02T21:16:46","slug":"yeraldine-bonilla-hace-historia-es-la-primer-gobernadora-de-sinaloa","status":"publish","type":"post","link":"https:\/\/visionsinaloaportal.com.mx\/?p=23333","title":{"rendered":"Yeraldine Bonilla Hace Historia, es la Primer Gobernadora de Sinaloa"},"content":{"rendered":"<blockquote><p><em>A partir del\u00a02 de mayo de 2026,\u00a0Yeraldine Bonilla Valverde\u00a0ha sido designada como\u00a0gobernadora interina de Sinaloa.<\/em><\/p>\n<hr \/>\n<\/blockquote>\n<p><em><strong>Por<\/strong> Froil\u00e1n Imperial Beltr\u00e1n<\/em><\/p>\n<p>Esta decisi\u00f3n fue tomada por el Congreso del Estado tras la solicitud de licencia de\u00a0Rub\u00e9n Rocha Moya.<\/p>\n<p>Valverde Bonilla desempe\u00f1aba un cargo previo inmediato como\u00a0secretaria general de Gobierno\u00a0desde octubre de 2025.<\/p>\n<p>Antes de integrarse al gabinete estatal, trae experiencia legislativa como diputada local y presidi\u00f3 la Mesa Directiva del Congreso de Sinaloa.<\/p>\n<p><img loading=\"lazy\" decoding=\"async\" class=\"size-full wp-image-23335 aligncenter\" src=\"https:\/\/visionsinaloaportal.com.mx\/wp-content\/uploads\/2026\/05\/WhatsApp-Image-2026-05-02-at-10.08.03-AM.jpeg\" alt=\"\" width=\"1280\" height=\"855\" srcset=\"https:\/\/visionsinaloaportal.com.mx\/wp-content\/uploads\/2026\/05\/WhatsApp-Image-2026-05-02-at-10.08.03-AM.jpeg 1280w, https:\/\/visionsinaloaportal.com.mx\/wp-content\/uploads\/2026\/05\/WhatsApp-Image-2026-05-02-at-10.08.03-AM-300x200.jpeg 300w, https:\/\/visionsinaloaportal.com.mx\/wp-content\/uploads\/2026\/05\/WhatsApp-Image-2026-05-02-at-10.08.03-AM-1024x684.jpeg 1024w, https:\/\/visionsinaloaportal.com.mx\/wp-content\/uploads\/2026\/05\/WhatsApp-Image-2026-05-02-at-10.08.03-AM-768x513.jpeg 768w\" sizes=\"auto, (max-width: 1280px) 100vw, 1280px\" \/><\/p>\n<p>Su ascenso ocurre entre un contexto del cambio en medio de la licencia indefinida del gobernador Rocha Moya, lo que la convierte en la titular del Poder Ejecutivo estatal de manera provisional<\/p>\n<p>Yeraldine Bonilla Valverde\u00a0ha hecho historia al convertirse en la\u00a0primera mujer en gobernar el estado de Sinaloa.<\/p>\n<p><img loading=\"lazy\" decoding=\"async\" class=\"size-full wp-image-23336 aligncenter\" src=\"https:\/\/visionsinaloaportal.com.mx\/wp-content\/uploads\/2026\/05\/WhatsApp-Image-2026-05-02-at-10.08.04-AM.jpeg\" alt=\"\" width=\"1280\" height=\"855\" srcset=\"https:\/\/visionsinaloaportal.com.mx\/wp-content\/uploads\/2026\/05\/WhatsApp-Image-2026-05-02-at-10.08.04-AM.jpeg 1280w, https:\/\/visionsinaloaportal.com.mx\/wp-content\/uploads\/2026\/05\/WhatsApp-Image-2026-05-02-at-10.08.04-AM-300x200.jpeg 300w, https:\/\/visionsinaloaportal.com.mx\/wp-content\/uploads\/2026\/05\/WhatsApp-Image-2026-05-02-at-10.08.04-AM-1024x684.jpeg 1024w, https:\/\/visionsinaloaportal.com.mx\/wp-content\/uploads\/2026\/05\/WhatsApp-Image-2026-05-02-at-10.08.04-AM-768x513.jpeg 768w\" sizes=\"auto, (max-width: 1280px) 100vw, 1280px\" \/><\/p>\n<p>Su nombramiento este\u00a02 de mayo de 2026\u00a0marca un hito importante, ya que anteriormente nunca una mujer hab\u00eda ocupado la titularidad del Poder Ejecutivo en la entidad, ni de forma constitucional ni interina.<\/p>\n<h3>Su primer discurso como Gobernadora de Sinaloa<\/h3>\n<p>Ya como Gobernadora, desde la tribuna del Congreso del Estado, Bonilla Valverde destac\u00f3 su respaldo a Rub\u00e9n Rocha Moya, calificando las acusaciones contra su antecesor como falsas, dolosas y le envi\u00f3 un mensaje de solidaridad, afirmando, que la mayor\u00eda del pueblo conf\u00eda en su integridad.<\/p>\n<p><img loading=\"lazy\" decoding=\"async\" class=\"size-full wp-image-23341 aligncenter\" src=\"https:\/\/visionsinaloaportal.com.mx\/wp-content\/uploads\/2026\/05\/WhatsApp-Image-2026-05-02-at-11.01.33-AM.jpeg\" alt=\"\" width=\"1280\" height=\"935\" srcset=\"https:\/\/visionsinaloaportal.com.mx\/wp-content\/uploads\/2026\/05\/WhatsApp-Image-2026-05-02-at-11.01.33-AM.jpeg 1280w, https:\/\/visionsinaloaportal.com.mx\/wp-content\/uploads\/2026\/05\/WhatsApp-Image-2026-05-02-at-11.01.33-AM-300x219.jpeg 300w, https:\/\/visionsinaloaportal.com.mx\/wp-content\/uploads\/2026\/05\/WhatsApp-Image-2026-05-02-at-11.01.33-AM-1024x748.jpeg 1024w, https:\/\/visionsinaloaportal.com.mx\/wp-content\/uploads\/2026\/05\/WhatsApp-Image-2026-05-02-at-11.01.33-AM-768x561.jpeg 768w\" sizes=\"auto, (max-width: 1280px) 100vw, 1280px\" \/><\/p>\n<p>Declar\u00f3 que la grandeza de un pueblo no se mide en los tiempos de calma, sino en su capacidad de levantarse de frente a los tiempos de la adversidad, subrayando que el pueblo de Sinaloa es fuerte.<\/p>\n<p>Asegur\u00f3 que \u00e9l puede mirar de frente a su familia y a su pueblo porque no ha traicionado ni traicionar\u00e1 su confianza, ofreciendo firmeza ante los requerimientos de las instituciones de justicia.<\/p>\n<p>Para finalizar, la Gobernadora de Sinaloa llam\u00f3 a la unidad del estado asegurando que su administraci\u00f3n mantendr\u00e1 el rumbo institucional para superar la situaci\u00f3n actual con la fuerza y coraje del pueblo.<\/p>\n<p><img loading=\"lazy\" decoding=\"async\" class=\"size-full wp-image-23339 aligncenter\" src=\"https:\/\/visionsinaloaportal.com.mx\/wp-content\/uploads\/2026\/05\/WhatsApp-Image-2026-05-02-at-11.01.33-AM-1.jpeg\" alt=\"\" width=\"1280\" height=\"852\" srcset=\"https:\/\/visionsinaloaportal.com.mx\/wp-content\/uploads\/2026\/05\/WhatsApp-Image-2026-05-02-at-11.01.33-AM-1.jpeg 1280w, https:\/\/visionsinaloaportal.com.mx\/wp-content\/uploads\/2026\/05\/WhatsApp-Image-2026-05-02-at-11.01.33-AM-1-300x200.jpeg 300w, https:\/\/visionsinaloaportal.com.mx\/wp-content\/uploads\/2026\/05\/WhatsApp-Image-2026-05-02-at-11.01.33-AM-1-1024x682.jpeg 1024w, https:\/\/visionsinaloaportal.com.mx\/wp-content\/uploads\/2026\/05\/WhatsApp-Image-2026-05-02-at-11.01.33-AM-1-768x511.jpeg 768w\" sizes=\"auto, (max-width: 1280px) 100vw, 1280px\" \/><\/p>\n<p>&nbsp;<\/p>\n","protected":false},"excerpt":{"rendered":"<p>A partir del\u00a02 de mayo de 2026,\u00a0Yeraldine Bonilla Valverde\u00a0ha sido designada como\u00a0gobernadora interina de Sinaloa. Por Froil\u00e1n Imperial Beltr\u00e1n Esta decisi\u00f3n fue tomada por el Congreso del Estado tras la solicitud de licencia de\u00a0Rub\u00e9n Rocha Moya. Valverde Bonilla desempe\u00f1aba un cargo previo inmediato como\u00a0secretaria general de Gobierno\u00a0desde octubre de 2025. Antes de integrarse al gabinete [&hellip;]<\/p>\n","protected":false},"author":1,"featured_media":23334,"comment_status":"open","ping_status":"open","sticky":false,"template":"","format":"standard","meta":{"footnotes":""},"categories":[175],"tags":[59],"class_list":["post-23333","post","type-post","status-publish","format-standard","has-post-thumbnail","hentry","category-gob-del-edo","tag-featured"],"_links":{"self":[{"href":"https:\/\/visionsinaloaportal.com.mx\/index.php?rest_route=\/wp\/v2\/posts\/23333","targetHints":{"allow":["GET"]}}],"collection":[{"href":"https:\/\/visionsinaloaportal.com.mx\/index.php?rest_route=\/wp\/v2\/posts"}],"about":[{"href":"https:\/\/visionsinaloaportal.com.mx\/index.php?rest_route=\/wp\/v2\/types\/post"}],"author":[{"embeddable":true,"href":"https:\/\/visionsinaloaportal.com.mx\/index.php?rest_route=\/wp\/v2\/users\/1"}],"replies":[{"embeddable":true,"href":"https:\/\/visionsinaloaportal.com.mx\/index.php?rest_route=%2Fwp%2Fv2%2Fcomments&post=23333"}],"version-history":[{"count":12,"href":"https:\/\/visionsinaloaportal.com.mx\/index.php?rest_route=\/wp\/v2\/posts\/23333\/revisions"}],"predecessor-version":[{"id":23352,"href":"https:\/\/visionsinaloaportal.com.mx\/index.php?rest_route=\/wp\/v2\/posts\/23333\/revisions\/23352"}],"wp:featuredmedia":[{"embeddable":true,"href":"https:\/\/visionsinaloaportal.com.mx\/index.php?rest_route=\/wp\/v2\/media\/23334"}],"wp:attachment":[{"href":"https:\/\/visionsinaloaportal.com.mx\/index.php?rest_route=%2Fwp%2Fv2%2Fmedia&parent=23333"}],"wp:term":[{"taxonomy":"category","embeddable":true,"href":"https:\/\/visionsinaloaportal.com.mx\/index.php?rest_route=%2Fwp%2Fv2%2Fcategories&post=23333"},{"taxonomy":"post_tag","embeddable":true,"href":"https:\/\/visionsinaloaportal.com.mx\/index.php?rest_route=%2Fwp%2Fv2%2Ftags&post=23333"}],"curies":[{"name":"wp","href":"https:\/\/api.w.org\/{rel}","templated":true}]}}