{"id":23310,"date":"2026-04-30T15:14:06","date_gmt":"2026-04-30T15:14:06","guid":{"rendered":"https:\/\/visionsinaloaportal.com.mx\/?p=23310"},"modified":"2026-04-30T15:14:53","modified_gmt":"2026-04-30T15:14:53","slug":"las-acusaciones-del-dpto-de-justicia-de-eu-carecen-de-pruebas-es-tema-politico-claudia-sheinbaum","status":"publish","type":"post","link":"https:\/\/visionsinaloaportal.com.mx\/?p=23310","title":{"rendered":"Acusaciones del Dpto. de Justicia de EU Carecen de Pruebas, es Tema Pol\u00edtico: Claudia Sheinbaum"},"content":{"rendered":"<blockquote><p><em>Advirti\u00f3 que no aceptar\u00e1 intromisi\u00f3n ni injerencia de ning\u00fan gobierno extranjero en las decisiones que competen s\u00f3lo al pueblo de M\u00e9xico<\/em><\/p>\n<hr \/>\n<\/blockquote>\n<p>Ciudad de M\u00e9xico, a 30 de abril de 2026.- En respuesta a la solicitud de autoridades de justicia de Estados Unidos para la detenci\u00f3n con fines de extradici\u00f3n de 10 ciudadanos mexicanos, entre ellos el gobernador de Sinaloa, Rub\u00e9n Rocha Moya, la presidenta de la Rep\u00fablica, Claudia Sheinbaum Pardo fij\u00f3 la postura de su gobierno al respecto, argumentado que dicha solicitud es infundada, al carecer de pruebas, y consider\u00f3 que esta petici\u00f3n obedece a un sentido eminentemente pol\u00edtico.<\/p>\n<p>Durante su Conferencia Ma\u00f1anera, desde Palacio Nacional, la presidenta de M\u00e9xico dio lectura a un comunicado en el cual se determina la posici\u00f3n que fij\u00f3 el Gobierno de la Rep\u00fablica sobre este asunto, el cual fue turnado a la Fiscal\u00eda General de la Rep\u00fablica, de acuerdo con las leyes mexicanas.<\/p>\n<p>\u201cDesde que asum\u00ed la presidencia de M\u00e9xico jur\u00e9 hacer respetar la Constituci\u00f3n y las leyes; asimismo, asum\u00ed el firme compromiso de velar por el bienestar del pueblo y la defensa de la soberan\u00eda nacional. M\u00e9xico es un pa\u00eds grandioso, con un pueblo generoso y trabajador, M\u00e9xico establece una relaci\u00f3n de iguales con todas las naciones, nunca de subordinaci\u00f3n y menos de entreguismo\u201d, dijo de entrada.<\/p>\n<p>\u201cComo presidenta de la Rep\u00fablica, mi posici\u00f3n ante estos hechos es: Verdad, Justicia y Defensa de la Soberan\u00eda, es decir, si la Fiscal\u00eda General de la Rep\u00fablica, que es la autoridad competente, recibe pruebas contundentes e irrefutables conforme a la legislaci\u00f3n mexicana, o en su propia investigaci\u00f3n encuentra elementos constitutivos de un delito, deber\u00e1 proceder conforme a derecho bajo nuestra jurisdicci\u00f3n\u201d, precis\u00f3.<\/p>\n<p>\u201cLo he dicho siempre de forma clara y hemos actuado en consecuencia, nosotros no vamos a encubrir a nadie que haya cometido un delito; sin embargo, si no existen pruebas claras es evidente que el objetivo de estas imputaciones por parte del Departamento de Justicia es pol\u00edtico\u201d, puntualiz\u00f3.<\/p>\n<p>\u201cDebe quedar sumamente claro, bajo ning\u00fan motivo vamos a permitir la intromisi\u00f3n o injerencia de un gobierno extranjero en las decisiones que le competen exclusivamente al pueblo de M\u00e9xico. Verdad, Justicia y Defensa de la Soberan\u00eda, \u00e9sta es nuestra posici\u00f3n\u201d, concluy\u00f3.<\/p>\n","protected":false},"excerpt":{"rendered":"<p>Advirti\u00f3 que no aceptar\u00e1 intromisi\u00f3n ni injerencia de ning\u00fan gobierno extranjero en las decisiones que competen s\u00f3lo al pueblo de M\u00e9xico Ciudad de M\u00e9xico, a 30 de abril de 2026.- En respuesta a la solicitud de autoridades de justicia de Estados Unidos para la detenci\u00f3n con fines de extradici\u00f3n de 10 ciudadanos mexicanos, entre ellos [&hellip;]<\/p>\n","protected":false},"author":1,"featured_media":23311,"comment_status":"open","ping_status":"open","sticky":false,"template":"","format":"standard","meta":{"footnotes":""},"categories":[175],"tags":[59],"class_list":["post-23310","post","type-post","status-publish","format-standard","has-post-thumbnail","hentry","category-gob-del-edo","tag-featured"],"_links":{"self":[{"href":"https:\/\/visionsinaloaportal.com.mx\/index.php?rest_route=\/wp\/v2\/posts\/23310","targetHints":{"allow":["GET"]}}],"collection":[{"href":"https:\/\/visionsinaloaportal.com.mx\/index.php?rest_route=\/wp\/v2\/posts"}],"about":[{"href":"https:\/\/visionsinaloaportal.com.mx\/index.php?rest_route=\/wp\/v2\/types\/post"}],"author":[{"embeddable":true,"href":"https:\/\/visionsinaloaportal.com.mx\/index.php?rest_route=\/wp\/v2\/users\/1"}],"replies":[{"embeddable":true,"href":"https:\/\/visionsinaloaportal.com.mx\/index.php?rest_route=%2Fwp%2Fv2%2Fcomments&post=23310"}],"version-history":[{"count":2,"href":"https:\/\/visionsinaloaportal.com.mx\/index.php?rest_route=\/wp\/v2\/posts\/23310\/revisions"}],"predecessor-version":[{"id":23313,"href":"https:\/\/visionsinaloaportal.com.mx\/index.php?rest_route=\/wp\/v2\/posts\/23310\/revisions\/23313"}],"wp:featuredmedia":[{"embeddable":true,"href":"https:\/\/visionsinaloaportal.com.mx\/index.php?rest_route=\/wp\/v2\/media\/23311"}],"wp:attachment":[{"href":"https:\/\/visionsinaloaportal.com.mx\/index.php?rest_route=%2Fwp%2Fv2%2Fmedia&parent=23310"}],"wp:term":[{"taxonomy":"category","embeddable":true,"href":"https:\/\/visionsinaloaportal.com.mx\/index.php?rest_route=%2Fwp%2Fv2%2Fcategories&post=23310"},{"taxonomy":"post_tag","embeddable":true,"href":"https:\/\/visionsinaloaportal.com.mx\/index.php?rest_route=%2Fwp%2Fv2%2Ftags&post=23310"}],"curies":[{"name":"wp","href":"https:\/\/api.w.org\/{rel}","templated":true}]}}