{"id":22404,"date":"2026-04-08T16:49:14","date_gmt":"2026-04-08T16:49:14","guid":{"rendered":"https:\/\/visionsinaloaportal.com.mx\/?p=22404"},"modified":"2026-04-08T16:50:05","modified_gmt":"2026-04-08T16:50:05","slug":"suman-ocho-muertos-por-sueros-vitaminados-en-sonora","status":"publish","type":"post","link":"https:\/\/visionsinaloaportal.com.mx\/?p=22404","title":{"rendered":"Suman Ocho Muertos Por \u201cSueros Vitaminados\u201d En Sonora"},"content":{"rendered":"<blockquote><p><em>Los pacientes presentaron s\u00edntomas similares tras recibir soluciones intravenosas<\/em><\/p>\n<hr \/>\n<\/blockquote>\n<div class=\"entry-grid__content-area entry-main-text\">\n<header class=\"entry-header mb-4\">\n<div class=\"entry-info entry-info-header mb-0 mb-lg-2\">\n<div class=\"entry-grid__sharebar\">\n<div class=\"mt-5\">\n<div id=\"ros-top-b-69d65fa269eb7\" class=\"ad-container dfp-ad-unit ad-billboardboxmobile ad-superbanner ad-slot\" data-ad-type=\"billboardboxmobile\" data-slot=\"ros-top-b\" data-ad-setup=\"{&quot;postID&quot;:1777909,&quot;css&quot;:&quot;ad-superbanner&quot;,&quot;canRefresh&quot;:true,&quot;mappings&quot;:[],&quot;infinitescroll&quot;:false}\" data-ad-loaded=\"1\" data-google-query-id=\"CKDJgZLV3pMDFQji_QUddR4HYw\">\n<div id=\"google_ads_iframe_\/117913022\/ld\/ros-top-b_0__container__\">Las autoridades de Sonora\u00a0informaron este martes que\u00a0suman ocho muertos\u00a0a causa de los llamados \u201csueros vitaminados\u201c, aplicados en una cl\u00ednica de la colonia colonia\u00a0Jes\u00fas Garc\u00eda\u00a0en\u00a0Hermosillo.<\/div>\n<\/div>\n<\/div>\n<\/div>\n<\/div>\n<\/header>\n<\/div>\n<div class=\"entry-grid__content-area2 entry-main-text\">\n<div class=\"row\">\n<div class=\"col-12 col-lg-8\">\n<div class=\"article-content\">\n<p>As\u00ed, suman 11 personas afectadas en el caso. Adem\u00e1s de los ocho muertos, otra persona permanece hospitalizada y las dos restantes ya fueron dadas de alta.<\/p>\n<p>Los pacientes presentaron s\u00edntomas similares tras recibir soluciones intravenosas.<\/p>\n<p><img loading=\"lazy\" decoding=\"async\" class=\"size-full wp-image-22405 aligncenter\" src=\"https:\/\/visionsinaloaportal.com.mx\/wp-content\/uploads\/2026\/04\/IU7pxJEg.jpg\" alt=\"\" width=\"1200\" height=\"675\" srcset=\"https:\/\/visionsinaloaportal.com.mx\/wp-content\/uploads\/2026\/04\/IU7pxJEg.jpg 1200w, https:\/\/visionsinaloaportal.com.mx\/wp-content\/uploads\/2026\/04\/IU7pxJEg-300x169.jpg 300w, https:\/\/visionsinaloaportal.com.mx\/wp-content\/uploads\/2026\/04\/IU7pxJEg-1024x576.jpg 1024w, https:\/\/visionsinaloaportal.com.mx\/wp-content\/uploads\/2026\/04\/IU7pxJEg-768x432.jpg 768w\" sizes=\"auto, (max-width: 1200px) 100vw, 1200px\" \/><\/p>\n<p>La\u00a0Fiscal\u00eda General de Justicia del Estado de Sonora\u00a0activ\u00f3 una alerta de b\u00fasqueda a nivel nacional e internacional para localizar a\u00a0Jes\u00fas Maximiano Verduzco Soto, m\u00e9dico de 65 a\u00f1os, se\u00f1alado por su responsabilidad en los hechos.<\/p>\n<p>Hasta el momento, no se tienen reportes de que el sujeto haya cruzado la frontera.<\/p>\n<p><strong><em>Con informaci\u00f3n de L\u00f3pez-D\u00f3riga Digital<\/em><\/strong><\/p>\n<\/div>\n<\/div>\n<\/div>\n<\/div>\n","protected":false},"excerpt":{"rendered":"<p>Los pacientes presentaron s\u00edntomas similares tras recibir soluciones intravenosas Las autoridades de Sonora\u00a0informaron este martes que\u00a0suman ocho muertos\u00a0a causa de los llamados \u201csueros vitaminados\u201c, aplicados en una cl\u00ednica de la colonia colonia\u00a0Jes\u00fas Garc\u00eda\u00a0en\u00a0Hermosillo. As\u00ed, suman 11 personas afectadas en el caso. Adem\u00e1s de los ocho muertos, otra persona permanece hospitalizada y las dos restantes ya [&hellip;]<\/p>\n","protected":false},"author":1,"featured_media":22408,"comment_status":"open","ping_status":"open","sticky":false,"template":"","format":"standard","meta":{"footnotes":""},"categories":[190],"tags":[59],"class_list":["post-22404","post","type-post","status-publish","format-standard","has-post-thumbnail","hentry","category-policiaca","tag-featured"],"_links":{"self":[{"href":"https:\/\/visionsinaloaportal.com.mx\/index.php?rest_route=\/wp\/v2\/posts\/22404","targetHints":{"allow":["GET"]}}],"collection":[{"href":"https:\/\/visionsinaloaportal.com.mx\/index.php?rest_route=\/wp\/v2\/posts"}],"about":[{"href":"https:\/\/visionsinaloaportal.com.mx\/index.php?rest_route=\/wp\/v2\/types\/post"}],"author":[{"embeddable":true,"href":"https:\/\/visionsinaloaportal.com.mx\/index.php?rest_route=\/wp\/v2\/users\/1"}],"replies":[{"embeddable":true,"href":"https:\/\/visionsinaloaportal.com.mx\/index.php?rest_route=%2Fwp%2Fv2%2Fcomments&post=22404"}],"version-history":[{"count":1,"href":"https:\/\/visionsinaloaportal.com.mx\/index.php?rest_route=\/wp\/v2\/posts\/22404\/revisions"}],"predecessor-version":[{"id":22407,"href":"https:\/\/visionsinaloaportal.com.mx\/index.php?rest_route=\/wp\/v2\/posts\/22404\/revisions\/22407"}],"wp:featuredmedia":[{"embeddable":true,"href":"https:\/\/visionsinaloaportal.com.mx\/index.php?rest_route=\/wp\/v2\/media\/22408"}],"wp:attachment":[{"href":"https:\/\/visionsinaloaportal.com.mx\/index.php?rest_route=%2Fwp%2Fv2%2Fmedia&parent=22404"}],"wp:term":[{"taxonomy":"category","embeddable":true,"href":"https:\/\/visionsinaloaportal.com.mx\/index.php?rest_route=%2Fwp%2Fv2%2Fcategories&post=22404"},{"taxonomy":"post_tag","embeddable":true,"href":"https:\/\/visionsinaloaportal.com.mx\/index.php?rest_route=%2Fwp%2Fv2%2Ftags&post=22404"}],"curies":[{"name":"wp","href":"https:\/\/api.w.org\/{rel}","templated":true}]}}