{"id":22393,"date":"2026-04-08T15:49:31","date_gmt":"2026-04-08T15:49:31","guid":{"rendered":"https:\/\/visionsinaloaportal.com.mx\/?p=22393"},"modified":"2026-04-08T15:55:45","modified_gmt":"2026-04-08T15:55:45","slug":"secretaria-de-marina-incauta-56-mdp-en-cocaina-en-costas-de-michoacan","status":"publish","type":"post","link":"https:\/\/visionsinaloaportal.com.mx\/?p=22393","title":{"rendered":"Marina Incauta Coca\u00edna Valuada en 56 mdp en Costas de Michoac\u00e1n"},"content":{"rendered":"<div class=\"entry-info-header-block\">\n<blockquote>\n<p class=\"entry-title\"><em>Operativos mar\u00edtimos de la Marina en Michoac\u00e1n dieron como resultado el decomiso de 265 kilogramos de coca\u00edna<\/em><\/p>\n<hr \/>\n<\/blockquote>\n<p>Agentes de la\u00a0Secretar\u00eda de la Marina\u00a0(Semar)\u00a0incautaron\u00a0265 kilogramos de\u00a0coca\u00edna\u00a0en el\u00a0Pac\u00edfico, valorados en unos 56.7 millones de pesos. La operaci\u00f3n tuvo lugar en\u00a0Michoac\u00e1n\u00a0y concluy\u00f3 sin arrestos.<\/p>\n<blockquote class=\"twitter-tweet\" data-media-max-width=\"560\">\n<p dir=\"ltr\" lang=\"es\">En costas de Michoac\u00e1n, en una operaci\u00f3n mar\u00edtima encabezada por <a href=\"https:\/\/twitter.com\/SEMAR_mx?ref_src=twsrc%5Etfw\">@SEMAR_mx<\/a> en coordinaci\u00f3n con <a href=\"https:\/\/twitter.com\/FGRMexico?ref_src=twsrc%5Etfw\">@FGRMexico<\/a> y <a href=\"https:\/\/twitter.com\/SSPCMexico?ref_src=twsrc%5Etfw\">@SSPCMexico<\/a>, se asegur\u00f3 una embarcaci\u00f3n con aproximadamente 265 kg de coca\u00edna.<\/p>\n<p>Este aseguramiento representa una afectaci\u00f3n significativa a las estructuras financieras del\u2026 <a href=\"https:\/\/t.co\/ZNTM4S13Iy\">pic.twitter.com\/ZNTM4S13Iy<\/a><\/p>\n<p>\u2014 Gabinete de Seguridad de M\u00e9xico (@GabSeguridadMX) <a href=\"https:\/\/twitter.com\/GabSeguridadMX\/status\/2041872787350888515?ref_src=twsrc%5Etfw\">April 8, 2026<\/a><\/p><\/blockquote>\n<p><script async src=\"https:\/\/platform.twitter.com\/widgets.js\" charset=\"utf-8\"><\/script><\/p>\n<p>El Gabinete de Seguridad inform\u00f3 en\u00a0un comunicado\u00a0que la mercanc\u00eda fue incautada en el marco de operativos mar\u00edtimos desplegados por las fuerzas de seguridad, quienes localizaron una\u00a0embarcaci\u00f3n menor\u00a0con un motor fuera de borda, cuatro bultos y tres bolsas con un peso aproximado de\u00a0265 kilogramos\u00a0de presunta\u00a0coca\u00edna.<\/p>\n<p>El decomiso se realiz\u00f3 a trav\u00e9s de un seguimiento mar\u00edtimo que se inici\u00f3 a 66 millas n\u00e1uticas (unos 122 kil\u00f3metros) al noroeste de las costas de\u00a0L\u00e1zaro C\u00e1rdenas\u00a0y culmin\u00f3 cuando la embarcaci\u00f3n infractora toc\u00f3 tierra en las costas de Maruata, Michoac\u00e1n.<\/p>\n<p>Las autoridades subrayaron que se impidi\u00f3 la posible distribuci\u00f3n de unas\u00a0530 mil dosis\u00a0de drogas.<\/p>\n<blockquote><p><em>Estas acciones forman parte de las operaciones de vigilancia mar\u00edtima que realiza la Secretar\u00eda de Marina a trav\u00e9s de la Armada de M\u00e9xico para inhibir la acci\u00f3n de grupos delictivos y representan una afectaci\u00f3n significativa a sus estructuras financieras\u201d, concluyeron.<\/em><\/p><\/blockquote>\n<p>Seg\u00fan cifras del Gabinete de Seguridad, desde la llegada de Claudia Sheinbaum al poder en octubre de 2024, la Marina incaut\u00f3 62 toneladas de coca\u00edna en alta mar como \u201cparte de las acciones para debilitar las operaciones del crimen organizado\u201d.<\/p>\n<p>Los narcotraficantes utilizan distintas v\u00edas, entre ellas el mar, para el tr\u00e1fico de drogas en M\u00e9xico y su potencial traslado hacia Estados Unidos.<\/p>\n<p><strong><em>Con informaci\u00f3n de EFE<\/em><\/strong><\/p>\n<\/div>\n","protected":false},"excerpt":{"rendered":"<p>Operativos mar\u00edtimos de la Marina en Michoac\u00e1n dieron como resultado el decomiso de 265 kilogramos de coca\u00edna Agentes de la\u00a0Secretar\u00eda de la Marina\u00a0(Semar)\u00a0incautaron\u00a0265 kilogramos de\u00a0coca\u00edna\u00a0en el\u00a0Pac\u00edfico, valorados en unos 56.7 millones de pesos. La operaci\u00f3n tuvo lugar en\u00a0Michoac\u00e1n\u00a0y concluy\u00f3 sin arrestos. En costas de Michoac\u00e1n, en una operaci\u00f3n mar\u00edtima encabezada por @SEMAR_mx en coordinaci\u00f3n con [&hellip;]<\/p>\n","protected":false},"author":1,"featured_media":22394,"comment_status":"open","ping_status":"open","sticky":false,"template":"","format":"standard","meta":{"footnotes":""},"categories":[190],"tags":[59],"class_list":["post-22393","post","type-post","status-publish","format-standard","has-post-thumbnail","hentry","category-policiaca","tag-featured"],"_links":{"self":[{"href":"https:\/\/visionsinaloaportal.com.mx\/index.php?rest_route=\/wp\/v2\/posts\/22393","targetHints":{"allow":["GET"]}}],"collection":[{"href":"https:\/\/visionsinaloaportal.com.mx\/index.php?rest_route=\/wp\/v2\/posts"}],"about":[{"href":"https:\/\/visionsinaloaportal.com.mx\/index.php?rest_route=\/wp\/v2\/types\/post"}],"author":[{"embeddable":true,"href":"https:\/\/visionsinaloaportal.com.mx\/index.php?rest_route=\/wp\/v2\/users\/1"}],"replies":[{"embeddable":true,"href":"https:\/\/visionsinaloaportal.com.mx\/index.php?rest_route=%2Fwp%2Fv2%2Fcomments&post=22393"}],"version-history":[{"count":4,"href":"https:\/\/visionsinaloaportal.com.mx\/index.php?rest_route=\/wp\/v2\/posts\/22393\/revisions"}],"predecessor-version":[{"id":22398,"href":"https:\/\/visionsinaloaportal.com.mx\/index.php?rest_route=\/wp\/v2\/posts\/22393\/revisions\/22398"}],"wp:featuredmedia":[{"embeddable":true,"href":"https:\/\/visionsinaloaportal.com.mx\/index.php?rest_route=\/wp\/v2\/media\/22394"}],"wp:attachment":[{"href":"https:\/\/visionsinaloaportal.com.mx\/index.php?rest_route=%2Fwp%2Fv2%2Fmedia&parent=22393"}],"wp:term":[{"taxonomy":"category","embeddable":true,"href":"https:\/\/visionsinaloaportal.com.mx\/index.php?rest_route=%2Fwp%2Fv2%2Fcategories&post=22393"},{"taxonomy":"post_tag","embeddable":true,"href":"https:\/\/visionsinaloaportal.com.mx\/index.php?rest_route=%2Fwp%2Fv2%2Ftags&post=22393"}],"curies":[{"name":"wp","href":"https:\/\/api.w.org\/{rel}","templated":true}]}}