{"id":21740,"date":"2026-03-24T04:57:23","date_gmt":"2026-03-24T04:57:23","guid":{"rendered":"https:\/\/visionsinaloaportal.com.mx\/?p=21740"},"modified":"2026-03-24T04:57:23","modified_gmt":"2026-03-24T04:57:23","slug":"gobernador-rocha-encabeza-acto-conmemorativo-del-220-aniversario-del-natalicio-de-benito-juarez","status":"publish","type":"post","link":"https:\/\/visionsinaloaportal.com.mx\/?p=21740","title":{"rendered":"Gobernador Rocha Encabeza Acto Conmemorativo del 220 Aniversario del Natalicio de Benito Ju\u00e1rez"},"content":{"rendered":"<blockquote><p><em>Benito Ju\u00e1rez, representa los ideales de justicia social y la soberan\u00eda de M\u00e9xico<\/em><\/p>\n<hr \/>\n<\/blockquote>\n<p>Culiac\u00e1n, Sinaloa 21 de marzo de 2026.- Con izamiento de Bandera a toda asta y Honores de Ordenanza en la plaza c\u00edvica de Palacio de Gobierno, el gobernador Rub\u00e9n Rocha Moya, acompa\u00f1ado de autoridades civiles y militares encabez\u00f3 el acto conmemorativo del 220 aniversario del natalicio de Benito Ju\u00e1rez Garc\u00eda, primer y \u00fanico presidente ind\u00edgena de M\u00e9xico, promotor de las Leyes de Reforma, que sent\u00f3 las bases de la modernizaci\u00f3n y el desarrollo del pa\u00eds, as\u00ed como la consolidaci\u00f3n de un Estado democr\u00e1tico.<\/p>\n<p><img loading=\"lazy\" decoding=\"async\" class=\"size-full wp-image-21742 aligncenter\" src=\"https:\/\/visionsinaloaportal.com.mx\/wp-content\/uploads\/2026\/03\/IMG-20260321-WA0019.jpg\" alt=\"\" width=\"1280\" height=\"853\" srcset=\"https:\/\/visionsinaloaportal.com.mx\/wp-content\/uploads\/2026\/03\/IMG-20260321-WA0019.jpg 1280w, https:\/\/visionsinaloaportal.com.mx\/wp-content\/uploads\/2026\/03\/IMG-20260321-WA0019-300x200.jpg 300w, https:\/\/visionsinaloaportal.com.mx\/wp-content\/uploads\/2026\/03\/IMG-20260321-WA0019-1024x682.jpg 1024w, https:\/\/visionsinaloaportal.com.mx\/wp-content\/uploads\/2026\/03\/IMG-20260321-WA0019-768x512.jpg 768w\" sizes=\"auto, (max-width: 1280px) 100vw, 1280px\" \/><\/p>\n<p>El Benem\u00e9rito de las Am\u00e9ricas, fue un l\u00edder visionario que defendi\u00f3 los principios democr\u00e1ticos, promovi\u00f3 la laicidad del Estado, adem\u00e1s luch\u00f3 por la libertad, la justicia social y la soberan\u00eda de M\u00e9xico.<\/p>\n<p><img loading=\"lazy\" decoding=\"async\" class=\"size-full wp-image-21743 aligncenter\" src=\"https:\/\/visionsinaloaportal.com.mx\/wp-content\/uploads\/2026\/03\/IMG-20260321-WA0030.jpg\" alt=\"\" width=\"1164\" height=\"776\" srcset=\"https:\/\/visionsinaloaportal.com.mx\/wp-content\/uploads\/2026\/03\/IMG-20260321-WA0030.jpg 1164w, https:\/\/visionsinaloaportal.com.mx\/wp-content\/uploads\/2026\/03\/IMG-20260321-WA0030-300x200.jpg 300w, https:\/\/visionsinaloaportal.com.mx\/wp-content\/uploads\/2026\/03\/IMG-20260321-WA0030-1024x683.jpg 1024w, https:\/\/visionsinaloaportal.com.mx\/wp-content\/uploads\/2026\/03\/IMG-20260321-WA0030-768x512.jpg 768w\" sizes=\"auto, (max-width: 1164px) 100vw, 1164px\" \/><\/p>\n<p>Posteriormente, se mont\u00f3 una guardia de Honor en el monumento erigido en su nombre en los jardines de la Plaza C\u00edvica de Palacio de Gobierno, encabezada por el mandatario estatal y autoridades civiles y militares, para rendir tributo al legado de Benito Ju\u00e1rez.<\/p>\n<p><img loading=\"lazy\" decoding=\"async\" class=\"size-full wp-image-21744 aligncenter\" src=\"https:\/\/visionsinaloaportal.com.mx\/wp-content\/uploads\/2026\/03\/IMG-20260321-WA0025.jpg\" alt=\"\" width=\"1178\" height=\"785\" srcset=\"https:\/\/visionsinaloaportal.com.mx\/wp-content\/uploads\/2026\/03\/IMG-20260321-WA0025.jpg 1178w, https:\/\/visionsinaloaportal.com.mx\/wp-content\/uploads\/2026\/03\/IMG-20260321-WA0025-300x200.jpg 300w, https:\/\/visionsinaloaportal.com.mx\/wp-content\/uploads\/2026\/03\/IMG-20260321-WA0025-1024x682.jpg 1024w, https:\/\/visionsinaloaportal.com.mx\/wp-content\/uploads\/2026\/03\/IMG-20260321-WA0025-768x512.jpg 768w\" sizes=\"auto, (max-width: 1178px) 100vw, 1178px\" \/><\/p>\n<p>El gobernador Rocha estuvo acompa\u00f1ado de Moncerrat L\u00f3pez L\u00f3pez, diputada presidenta de la Comisi\u00f3n de Asuntos Obreros, Trabajo y Previsi\u00f3n Social del H. Congreso del Estado; Jes\u00fas Iv\u00e1n Ch\u00e1vez Rangel, presidente del Supremo Tribunal de Justicia; Juan de Dios G\u00e1mez Mend\u00edvil, presidente municipal de Culiac\u00e1n; General H\u00e9ctor \u00c1vila Alcocer, comandante de la Tercera Regi\u00f3n Militar; Santos Gerardo Soto, Comandante de la Novena Zona Militar; Julices Juli\u00e1n Tadeo Gonz\u00e1lez Calzada, coordinador estatal de la Guardia Nacional en Sinaloa; Edgar Emanuel Campos, Comandante de la 9\/a. Zona A\u00e9rea Militar, as\u00ed como funcionarios del gabinete estatal y p\u00fablico en general.<\/p>\n<p><img loading=\"lazy\" decoding=\"async\" class=\"size-full wp-image-21745 aligncenter\" src=\"https:\/\/visionsinaloaportal.com.mx\/wp-content\/uploads\/2026\/03\/IMG-20260321-WA0014.jpg\" alt=\"\" width=\"1244\" height=\"829\" srcset=\"https:\/\/visionsinaloaportal.com.mx\/wp-content\/uploads\/2026\/03\/IMG-20260321-WA0014.jpg 1244w, https:\/\/visionsinaloaportal.com.mx\/wp-content\/uploads\/2026\/03\/IMG-20260321-WA0014-300x200.jpg 300w, https:\/\/visionsinaloaportal.com.mx\/wp-content\/uploads\/2026\/03\/IMG-20260321-WA0014-1024x682.jpg 1024w, https:\/\/visionsinaloaportal.com.mx\/wp-content\/uploads\/2026\/03\/IMG-20260321-WA0014-768x512.jpg 768w\" sizes=\"auto, (max-width: 1244px) 100vw, 1244px\" \/><\/p>\n<p><img loading=\"lazy\" decoding=\"async\" class=\"size-full wp-image-21746 aligncenter\" src=\"https:\/\/visionsinaloaportal.com.mx\/wp-content\/uploads\/2026\/03\/IMG-20260321-WA0015.jpg\" alt=\"\" width=\"1089\" height=\"726\" srcset=\"https:\/\/visionsinaloaportal.com.mx\/wp-content\/uploads\/2026\/03\/IMG-20260321-WA0015.jpg 1089w, https:\/\/visionsinaloaportal.com.mx\/wp-content\/uploads\/2026\/03\/IMG-20260321-WA0015-300x200.jpg 300w, https:\/\/visionsinaloaportal.com.mx\/wp-content\/uploads\/2026\/03\/IMG-20260321-WA0015-1024x683.jpg 1024w, https:\/\/visionsinaloaportal.com.mx\/wp-content\/uploads\/2026\/03\/IMG-20260321-WA0015-768x512.jpg 768w\" sizes=\"auto, (max-width: 1089px) 100vw, 1089px\" \/><\/p>\n<p><img loading=\"lazy\" decoding=\"async\" class=\"size-full wp-image-21747 aligncenter\" src=\"https:\/\/visionsinaloaportal.com.mx\/wp-content\/uploads\/2026\/03\/IMG-20260321-WA0017.jpg\" alt=\"\" width=\"1280\" height=\"853\" srcset=\"https:\/\/visionsinaloaportal.com.mx\/wp-content\/uploads\/2026\/03\/IMG-20260321-WA0017.jpg 1280w, https:\/\/visionsinaloaportal.com.mx\/wp-content\/uploads\/2026\/03\/IMG-20260321-WA0017-300x200.jpg 300w, https:\/\/visionsinaloaportal.com.mx\/wp-content\/uploads\/2026\/03\/IMG-20260321-WA0017-1024x682.jpg 1024w, https:\/\/visionsinaloaportal.com.mx\/wp-content\/uploads\/2026\/03\/IMG-20260321-WA0017-768x512.jpg 768w\" sizes=\"auto, (max-width: 1280px) 100vw, 1280px\" \/><\/p>\n<p><img loading=\"lazy\" decoding=\"async\" class=\"size-full wp-image-21748 aligncenter\" src=\"https:\/\/visionsinaloaportal.com.mx\/wp-content\/uploads\/2026\/03\/IMG-20260321-WA0020.jpg\" alt=\"\" width=\"1163\" height=\"775\" srcset=\"https:\/\/visionsinaloaportal.com.mx\/wp-content\/uploads\/2026\/03\/IMG-20260321-WA0020.jpg 1163w, https:\/\/visionsinaloaportal.com.mx\/wp-content\/uploads\/2026\/03\/IMG-20260321-WA0020-300x200.jpg 300w, https:\/\/visionsinaloaportal.com.mx\/wp-content\/uploads\/2026\/03\/IMG-20260321-WA0020-1024x682.jpg 1024w, https:\/\/visionsinaloaportal.com.mx\/wp-content\/uploads\/2026\/03\/IMG-20260321-WA0020-768x512.jpg 768w\" sizes=\"auto, (max-width: 1163px) 100vw, 1163px\" \/><\/p>\n<p><img loading=\"lazy\" decoding=\"async\" class=\"size-full wp-image-21749 aligncenter\" src=\"https:\/\/visionsinaloaportal.com.mx\/wp-content\/uploads\/2026\/03\/IMG-20260321-WA0024.jpg\" alt=\"\" width=\"1280\" height=\"853\" srcset=\"https:\/\/visionsinaloaportal.com.mx\/wp-content\/uploads\/2026\/03\/IMG-20260321-WA0024.jpg 1280w, https:\/\/visionsinaloaportal.com.mx\/wp-content\/uploads\/2026\/03\/IMG-20260321-WA0024-300x200.jpg 300w, https:\/\/visionsinaloaportal.com.mx\/wp-content\/uploads\/2026\/03\/IMG-20260321-WA0024-1024x682.jpg 1024w, https:\/\/visionsinaloaportal.com.mx\/wp-content\/uploads\/2026\/03\/IMG-20260321-WA0024-768x512.jpg 768w\" sizes=\"auto, (max-width: 1280px) 100vw, 1280px\" \/><\/p>\n<p><img loading=\"lazy\" decoding=\"async\" class=\"size-full wp-image-21750 aligncenter\" src=\"https:\/\/visionsinaloaportal.com.mx\/wp-content\/uploads\/2026\/03\/IMG-20260321-WA0026.jpg\" alt=\"\" width=\"1105\" height=\"686\" srcset=\"https:\/\/visionsinaloaportal.com.mx\/wp-content\/uploads\/2026\/03\/IMG-20260321-WA0026.jpg 1105w, https:\/\/visionsinaloaportal.com.mx\/wp-content\/uploads\/2026\/03\/IMG-20260321-WA0026-300x186.jpg 300w, https:\/\/visionsinaloaportal.com.mx\/wp-content\/uploads\/2026\/03\/IMG-20260321-WA0026-1024x636.jpg 1024w, https:\/\/visionsinaloaportal.com.mx\/wp-content\/uploads\/2026\/03\/IMG-20260321-WA0026-768x477.jpg 768w\" sizes=\"auto, (max-width: 1105px) 100vw, 1105px\" \/><\/p>\n<p><img loading=\"lazy\" decoding=\"async\" class=\"size-full wp-image-21751 aligncenter\" src=\"https:\/\/visionsinaloaportal.com.mx\/wp-content\/uploads\/2026\/03\/IMG-20260321-WA0027.jpg\" alt=\"\" width=\"1280\" height=\"853\" srcset=\"https:\/\/visionsinaloaportal.com.mx\/wp-content\/uploads\/2026\/03\/IMG-20260321-WA0027.jpg 1280w, https:\/\/visionsinaloaportal.com.mx\/wp-content\/uploads\/2026\/03\/IMG-20260321-WA0027-300x200.jpg 300w, https:\/\/visionsinaloaportal.com.mx\/wp-content\/uploads\/2026\/03\/IMG-20260321-WA0027-1024x682.jpg 1024w, https:\/\/visionsinaloaportal.com.mx\/wp-content\/uploads\/2026\/03\/IMG-20260321-WA0027-768x512.jpg 768w\" sizes=\"auto, (max-width: 1280px) 100vw, 1280px\" \/><\/p>\n<p><img loading=\"lazy\" decoding=\"async\" class=\"size-full wp-image-21752 aligncenter\" src=\"https:\/\/visionsinaloaportal.com.mx\/wp-content\/uploads\/2026\/03\/IMG-20260321-WA0028.jpg\" alt=\"\" width=\"1238\" height=\"825\" srcset=\"https:\/\/visionsinaloaportal.com.mx\/wp-content\/uploads\/2026\/03\/IMG-20260321-WA0028.jpg 1238w, https:\/\/visionsinaloaportal.com.mx\/wp-content\/uploads\/2026\/03\/IMG-20260321-WA0028-300x200.jpg 300w, https:\/\/visionsinaloaportal.com.mx\/wp-content\/uploads\/2026\/03\/IMG-20260321-WA0028-1024x682.jpg 1024w, https:\/\/visionsinaloaportal.com.mx\/wp-content\/uploads\/2026\/03\/IMG-20260321-WA0028-768x512.jpg 768w\" sizes=\"auto, (max-width: 1238px) 100vw, 1238px\" \/><\/p>\n<p><img loading=\"lazy\" decoding=\"async\" class=\"size-full wp-image-21753 aligncenter\" src=\"https:\/\/visionsinaloaportal.com.mx\/wp-content\/uploads\/2026\/03\/IMG-20260321-WA0033.jpg\" alt=\"\" width=\"1031\" height=\"687\" srcset=\"https:\/\/visionsinaloaportal.com.mx\/wp-content\/uploads\/2026\/03\/IMG-20260321-WA0033.jpg 1031w, https:\/\/visionsinaloaportal.com.mx\/wp-content\/uploads\/2026\/03\/IMG-20260321-WA0033-300x200.jpg 300w, https:\/\/visionsinaloaportal.com.mx\/wp-content\/uploads\/2026\/03\/IMG-20260321-WA0033-1024x682.jpg 1024w, https:\/\/visionsinaloaportal.com.mx\/wp-content\/uploads\/2026\/03\/IMG-20260321-WA0033-768x512.jpg 768w\" sizes=\"auto, (max-width: 1031px) 100vw, 1031px\" \/><\/p>\n","protected":false},"excerpt":{"rendered":"<p>Benito Ju\u00e1rez, representa los ideales de justicia social y la soberan\u00eda de M\u00e9xico Culiac\u00e1n, Sinaloa 21 de marzo de 2026.- Con izamiento de Bandera a toda asta y Honores de Ordenanza en la plaza c\u00edvica de Palacio de Gobierno, el gobernador Rub\u00e9n Rocha Moya, acompa\u00f1ado de autoridades civiles y militares encabez\u00f3 el acto conmemorativo del [&hellip;]<\/p>\n","protected":false},"author":1,"featured_media":21741,"comment_status":"open","ping_status":"open","sticky":false,"template":"","format":"standard","meta":{"footnotes":""},"categories":[175],"tags":[59],"class_list":["post-21740","post","type-post","status-publish","format-standard","has-post-thumbnail","hentry","category-gob-del-edo","tag-featured"],"_links":{"self":[{"href":"https:\/\/visionsinaloaportal.com.mx\/index.php?rest_route=\/wp\/v2\/posts\/21740","targetHints":{"allow":["GET"]}}],"collection":[{"href":"https:\/\/visionsinaloaportal.com.mx\/index.php?rest_route=\/wp\/v2\/posts"}],"about":[{"href":"https:\/\/visionsinaloaportal.com.mx\/index.php?rest_route=\/wp\/v2\/types\/post"}],"author":[{"embeddable":true,"href":"https:\/\/visionsinaloaportal.com.mx\/index.php?rest_route=\/wp\/v2\/users\/1"}],"replies":[{"embeddable":true,"href":"https:\/\/visionsinaloaportal.com.mx\/index.php?rest_route=%2Fwp%2Fv2%2Fcomments&post=21740"}],"version-history":[{"count":0,"href":"https:\/\/visionsinaloaportal.com.mx\/index.php?rest_route=\/wp\/v2\/posts\/21740\/revisions"}],"wp:featuredmedia":[{"embeddable":true,"href":"https:\/\/visionsinaloaportal.com.mx\/index.php?rest_route=\/wp\/v2\/media\/21741"}],"wp:attachment":[{"href":"https:\/\/visionsinaloaportal.com.mx\/index.php?rest_route=%2Fwp%2Fv2%2Fmedia&parent=21740"}],"wp:term":[{"taxonomy":"category","embeddable":true,"href":"https:\/\/visionsinaloaportal.com.mx\/index.php?rest_route=%2Fwp%2Fv2%2Fcategories&post=21740"},{"taxonomy":"post_tag","embeddable":true,"href":"https:\/\/visionsinaloaportal.com.mx\/index.php?rest_route=%2Fwp%2Fv2%2Ftags&post=21740"}],"curies":[{"name":"wp","href":"https:\/\/api.w.org\/{rel}","templated":true}]}}