{"id":21475,"date":"2026-03-18T16:49:15","date_gmt":"2026-03-18T16:49:15","guid":{"rendered":"https:\/\/visionsinaloaportal.com.mx\/?p=21475"},"modified":"2026-03-18T16:50:05","modified_gmt":"2026-03-18T16:50:05","slug":"sedena-imparte-conferencia-difusion-de-cultura-en-la-seguridad-nacional-a-policias-de-ahome","status":"publish","type":"post","link":"https:\/\/visionsinaloaportal.com.mx\/?p=21475","title":{"rendered":"SEDENA Imparte Conferencia de Cultura en Seguridad Nacional a Polic\u00edas de Ahome"},"content":{"rendered":"<blockquote><p><em>Cien agentes de Reacci\u00f3n, Prevenci\u00f3n y Vialidad reciben capacitaci\u00f3n por altos mandos de la Novena Zona Militar.<\/em><\/p>\n<hr \/>\n<\/blockquote>\n<p>Cien elementos de la Secretar\u00eda de Seguridad y Protecci\u00f3n Ciudadana de Ahome, de las unidades de Reacci\u00f3n, Prevenci\u00f3n y Vialidad, tomaron parte en la conferencia Difusi\u00f3n de la Cultura de la Seguridad Nacional, impartida por altos mandos de la Novena Zona Militar.<\/p>\n<p><img loading=\"lazy\" decoding=\"async\" class=\"size-full wp-image-21477 aligncenter\" src=\"https:\/\/visionsinaloaportal.com.mx\/wp-content\/uploads\/2026\/03\/WhatsApp-Image-2026-02-26-at-2.58.19-PM.jpeg\" alt=\"\" width=\"1600\" height=\"900\" srcset=\"https:\/\/visionsinaloaportal.com.mx\/wp-content\/uploads\/2026\/03\/WhatsApp-Image-2026-02-26-at-2.58.19-PM.jpeg 1600w, https:\/\/visionsinaloaportal.com.mx\/wp-content\/uploads\/2026\/03\/WhatsApp-Image-2026-02-26-at-2.58.19-PM-300x169.jpeg 300w, https:\/\/visionsinaloaportal.com.mx\/wp-content\/uploads\/2026\/03\/WhatsApp-Image-2026-02-26-at-2.58.19-PM-1024x576.jpeg 1024w, https:\/\/visionsinaloaportal.com.mx\/wp-content\/uploads\/2026\/03\/WhatsApp-Image-2026-02-26-at-2.58.19-PM-768x432.jpeg 768w, https:\/\/visionsinaloaportal.com.mx\/wp-content\/uploads\/2026\/03\/WhatsApp-Image-2026-02-26-at-2.58.19-PM-1536x864.jpeg 1536w\" sizes=\"auto, (max-width: 1600px) 100vw, 1600px\" \/><\/p>\n<p>El objetivo es que los elementos, desde sus funciones en el \u00e1mbito local, conozcan la forma de generar condiciones para garantizar la seguridad a la sociedad.<\/p>\n<p>En su exposici\u00f3n, realizada en las instalaciones del Instituto Polit\u00e9cnico Nacional, y que se desarroll\u00f3 por espacio de dos horas, el General Brigadier Jefe de Estado Mayor de la Novena Zona Militar, Humberto Ortega Ram\u00edrez explic\u00f3 que todos somos responsables de la seguridad nacional en M\u00e9xico.<\/p>\n<p><img loading=\"lazy\" decoding=\"async\" class=\"size-full wp-image-21478 aligncenter\" src=\"https:\/\/visionsinaloaportal.com.mx\/wp-content\/uploads\/2026\/03\/WhatsApp-Image-2026-02-26-at-2.58.20-PM-1.jpeg\" alt=\"\" width=\"1600\" height=\"900\" srcset=\"https:\/\/visionsinaloaportal.com.mx\/wp-content\/uploads\/2026\/03\/WhatsApp-Image-2026-02-26-at-2.58.20-PM-1.jpeg 1600w, https:\/\/visionsinaloaportal.com.mx\/wp-content\/uploads\/2026\/03\/WhatsApp-Image-2026-02-26-at-2.58.20-PM-1-300x169.jpeg 300w, https:\/\/visionsinaloaportal.com.mx\/wp-content\/uploads\/2026\/03\/WhatsApp-Image-2026-02-26-at-2.58.20-PM-1-1024x576.jpeg 1024w, https:\/\/visionsinaloaportal.com.mx\/wp-content\/uploads\/2026\/03\/WhatsApp-Image-2026-02-26-at-2.58.20-PM-1-768x432.jpeg 768w, https:\/\/visionsinaloaportal.com.mx\/wp-content\/uploads\/2026\/03\/WhatsApp-Image-2026-02-26-at-2.58.20-PM-1-1536x864.jpeg 1536w\" sizes=\"auto, (max-width: 1600px) 100vw, 1600px\" \/><\/p>\n<p>Son acciones destinadas de manera inmediata y directa a mantener la integridad, estabilidad y permanencia del estado mexicano. Pero tambi\u00e9n, se definen como una condici\u00f3n que proporciona el Estado para garantizar (la vida nacional) su integridad, independencia, soberan\u00eda, estado de derecho y consecuci\u00f3n de objetivos nacionales.<\/p>\n<p><img loading=\"lazy\" decoding=\"async\" class=\"size-full wp-image-21479 aligncenter\" src=\"https:\/\/visionsinaloaportal.com.mx\/wp-content\/uploads\/2026\/03\/WhatsApp-Image-2026-02-26-at-2.58.21-PM.jpeg\" alt=\"\" width=\"1600\" height=\"900\" srcset=\"https:\/\/visionsinaloaportal.com.mx\/wp-content\/uploads\/2026\/03\/WhatsApp-Image-2026-02-26-at-2.58.21-PM.jpeg 1600w, https:\/\/visionsinaloaportal.com.mx\/wp-content\/uploads\/2026\/03\/WhatsApp-Image-2026-02-26-at-2.58.21-PM-300x169.jpeg 300w, https:\/\/visionsinaloaportal.com.mx\/wp-content\/uploads\/2026\/03\/WhatsApp-Image-2026-02-26-at-2.58.21-PM-1024x576.jpeg 1024w, https:\/\/visionsinaloaportal.com.mx\/wp-content\/uploads\/2026\/03\/WhatsApp-Image-2026-02-26-at-2.58.21-PM-768x432.jpeg 768w, https:\/\/visionsinaloaportal.com.mx\/wp-content\/uploads\/2026\/03\/WhatsApp-Image-2026-02-26-at-2.58.21-PM-1536x864.jpeg 1536w\" sizes=\"auto, (max-width: 1600px) 100vw, 1600px\" \/><\/p>\n<p>Explic\u00f3 a los asistentes que todos trabajan para que las condiciones de seguridad sean las \u00f3ptimas, cada quien desde su trinchera y cada organismo de la sociedad desde su lugar, porque el binomio seguridad-desarrollo se puede bajar a cualquier nivel (municipal, estatal o nacional).<\/p>\n<p><img loading=\"lazy\" decoding=\"async\" class=\"size-full wp-image-21480 aligncenter\" src=\"https:\/\/visionsinaloaportal.com.mx\/wp-content\/uploads\/2026\/03\/WhatsApp-Image-2026-02-26-at-2.58.20-PM.jpeg\" alt=\"\" width=\"1600\" height=\"900\" srcset=\"https:\/\/visionsinaloaportal.com.mx\/wp-content\/uploads\/2026\/03\/WhatsApp-Image-2026-02-26-at-2.58.20-PM.jpeg 1600w, https:\/\/visionsinaloaportal.com.mx\/wp-content\/uploads\/2026\/03\/WhatsApp-Image-2026-02-26-at-2.58.20-PM-300x169.jpeg 300w, https:\/\/visionsinaloaportal.com.mx\/wp-content\/uploads\/2026\/03\/WhatsApp-Image-2026-02-26-at-2.58.20-PM-1024x576.jpeg 1024w, https:\/\/visionsinaloaportal.com.mx\/wp-content\/uploads\/2026\/03\/WhatsApp-Image-2026-02-26-at-2.58.20-PM-768x432.jpeg 768w, https:\/\/visionsinaloaportal.com.mx\/wp-content\/uploads\/2026\/03\/WhatsApp-Image-2026-02-26-at-2.58.20-PM-1536x864.jpeg 1536w\" sizes=\"auto, (max-width: 1600px) 100vw, 1600px\" \/><\/p>\n<p>Enfatiz\u00f3 que la Seguridad Nacional no es exclusiva de las fuerzas armadas, sino que es una responsabilidad compartida, de todas las instituciones del Estado, y en su momento, de la sociedad en general.<\/p>\n<p><img loading=\"lazy\" decoding=\"async\" class=\"alignnone size-full wp-image-21482\" src=\"https:\/\/visionsinaloaportal.com.mx\/wp-content\/uploads\/2026\/03\/WhatsApp-Image-2026-02-26-at-2.58.17-PM.jpeg\" alt=\"\" width=\"1600\" height=\"900\" srcset=\"https:\/\/visionsinaloaportal.com.mx\/wp-content\/uploads\/2026\/03\/WhatsApp-Image-2026-02-26-at-2.58.17-PM.jpeg 1600w, https:\/\/visionsinaloaportal.com.mx\/wp-content\/uploads\/2026\/03\/WhatsApp-Image-2026-02-26-at-2.58.17-PM-300x169.jpeg 300w, https:\/\/visionsinaloaportal.com.mx\/wp-content\/uploads\/2026\/03\/WhatsApp-Image-2026-02-26-at-2.58.17-PM-1024x576.jpeg 1024w, https:\/\/visionsinaloaportal.com.mx\/wp-content\/uploads\/2026\/03\/WhatsApp-Image-2026-02-26-at-2.58.17-PM-768x432.jpeg 768w, https:\/\/visionsinaloaportal.com.mx\/wp-content\/uploads\/2026\/03\/WhatsApp-Image-2026-02-26-at-2.58.17-PM-1536x864.jpeg 1536w\" sizes=\"auto, (max-width: 1600px) 100vw, 1600px\" \/><\/p>\n<p>Al finalizar la conferencia, se realiz\u00f3 la entrega de un reconocimiento al expositor, por parte de la SSYPC de Ahome, de manos de Cristian Gabino Verdugo V\u00e1zquez, Director de Operaciones de la corporaci\u00f3n, en representaci\u00f3n del Secretario de la SSYPC, Carlos Francisco Rodr\u00edguez Ponce.<\/p>\n","protected":false},"excerpt":{"rendered":"<p>Cien agentes de Reacci\u00f3n, Prevenci\u00f3n y Vialidad reciben capacitaci\u00f3n por altos mandos de la Novena Zona Militar. Cien elementos de la Secretar\u00eda de Seguridad y Protecci\u00f3n Ciudadana de Ahome, de las unidades de Reacci\u00f3n, Prevenci\u00f3n y Vialidad, tomaron parte en la conferencia Difusi\u00f3n de la Cultura de la Seguridad Nacional, impartida por altos mandos de [&hellip;]<\/p>\n","protected":false},"author":1,"featured_media":21476,"comment_status":"open","ping_status":"open","sticky":false,"template":"","format":"standard","meta":{"footnotes":""},"categories":[190],"tags":[],"class_list":["post-21475","post","type-post","status-publish","format-standard","has-post-thumbnail","hentry","category-policiaca"],"_links":{"self":[{"href":"https:\/\/visionsinaloaportal.com.mx\/index.php?rest_route=\/wp\/v2\/posts\/21475","targetHints":{"allow":["GET"]}}],"collection":[{"href":"https:\/\/visionsinaloaportal.com.mx\/index.php?rest_route=\/wp\/v2\/posts"}],"about":[{"href":"https:\/\/visionsinaloaportal.com.mx\/index.php?rest_route=\/wp\/v2\/types\/post"}],"author":[{"embeddable":true,"href":"https:\/\/visionsinaloaportal.com.mx\/index.php?rest_route=\/wp\/v2\/users\/1"}],"replies":[{"embeddable":true,"href":"https:\/\/visionsinaloaportal.com.mx\/index.php?rest_route=%2Fwp%2Fv2%2Fcomments&post=21475"}],"version-history":[{"count":0,"href":"https:\/\/visionsinaloaportal.com.mx\/index.php?rest_route=\/wp\/v2\/posts\/21475\/revisions"}],"wp:featuredmedia":[{"embeddable":true,"href":"https:\/\/visionsinaloaportal.com.mx\/index.php?rest_route=\/wp\/v2\/media\/21476"}],"wp:attachment":[{"href":"https:\/\/visionsinaloaportal.com.mx\/index.php?rest_route=%2Fwp%2Fv2%2Fmedia&parent=21475"}],"wp:term":[{"taxonomy":"category","embeddable":true,"href":"https:\/\/visionsinaloaportal.com.mx\/index.php?rest_route=%2Fwp%2Fv2%2Fcategories&post=21475"},{"taxonomy":"post_tag","embeddable":true,"href":"https:\/\/visionsinaloaportal.com.mx\/index.php?rest_route=%2Fwp%2Fv2%2Ftags&post=21475"}],"curies":[{"name":"wp","href":"https:\/\/api.w.org\/{rel}","templated":true}]}}