{"id":21423,"date":"2026-03-18T12:24:00","date_gmt":"2026-03-18T12:24:00","guid":{"rendered":"https:\/\/visionsinaloaportal.com.mx\/?p=21423"},"modified":"2026-03-18T12:25:31","modified_gmt":"2026-03-18T12:25:31","slug":"jesus-maduena-reconoce-a-atletas-y-entrenadores-medallistas-nacionales-anuies-2025","status":"publish","type":"post","link":"https:\/\/visionsinaloaportal.com.mx\/?p=21423","title":{"rendered":"Dr. Madue\u00f1a Reconoce a Medallistas de Los Nacionales ANUIES 2025"},"content":{"rendered":"<blockquote><p><em>Cumple el Rector Jes\u00fas Madue\u00f1a su compromiso con el deporte; entrega est\u00edmulos econ\u00f3micos a 48 atletas y 10 entrenadores medallistas de la etapa II de los Nacionales ANUIES 2025<\/em><\/p>\n<hr \/>\n<\/blockquote>\n<p>Consolidada como un invernadero y fruct\u00edfero huerto de campeonas y campeones en el \u00e1mbito deportivo nacional, la Universidad Aut\u00f3noma de Sinaloa (UAS) cumpli\u00f3 con la entrega de est\u00edmulos econ\u00f3micos a atletas medallistas de los Campeonatos Nacionales Universitarios ANUIES 2025.<\/p>\n<p><img loading=\"lazy\" decoding=\"async\" class=\"alignnone size-full wp-image-21425\" src=\"https:\/\/visionsinaloaportal.com.mx\/wp-content\/uploads\/2026\/03\/WhatsApp-Image-2026-03-17-at-3.31.48-PM.jpeg\" alt=\"\" width=\"1600\" height=\"1040\" srcset=\"https:\/\/visionsinaloaportal.com.mx\/wp-content\/uploads\/2026\/03\/WhatsApp-Image-2026-03-17-at-3.31.48-PM.jpeg 1600w, https:\/\/visionsinaloaportal.com.mx\/wp-content\/uploads\/2026\/03\/WhatsApp-Image-2026-03-17-at-3.31.48-PM-300x195.jpeg 300w, https:\/\/visionsinaloaportal.com.mx\/wp-content\/uploads\/2026\/03\/WhatsApp-Image-2026-03-17-at-3.31.48-PM-1024x666.jpeg 1024w, https:\/\/visionsinaloaportal.com.mx\/wp-content\/uploads\/2026\/03\/WhatsApp-Image-2026-03-17-at-3.31.48-PM-768x499.jpeg 768w, https:\/\/visionsinaloaportal.com.mx\/wp-content\/uploads\/2026\/03\/WhatsApp-Image-2026-03-17-at-3.31.48-PM-1536x998.jpeg 1536w\" sizes=\"auto, (max-width: 1600px) 100vw, 1600px\" \/><\/p>\n<p>En esta segunda etapa, se benefici\u00f3 a 48 deportistas y 10 entrenadores de disciplinas como gimnasia aer\u00f3bica, kickboxing y porras.<\/p>\n<p>En esta ceremonia se otorgaron apoyos econ\u00f3micos de 10 mil pesos por medalla de oro, 7 mil 500 por plata y 5 mil pesos por bronce.<\/p>\n<p><img loading=\"lazy\" decoding=\"async\" class=\"size-full wp-image-21426 aligncenter\" src=\"https:\/\/visionsinaloaportal.com.mx\/wp-content\/uploads\/2026\/03\/WhatsApp-Image-2026-03-17-at-3.31.49-PM-1.jpeg\" alt=\"\" width=\"1600\" height=\"1120\" srcset=\"https:\/\/visionsinaloaportal.com.mx\/wp-content\/uploads\/2026\/03\/WhatsApp-Image-2026-03-17-at-3.31.49-PM-1.jpeg 1600w, https:\/\/visionsinaloaportal.com.mx\/wp-content\/uploads\/2026\/03\/WhatsApp-Image-2026-03-17-at-3.31.49-PM-1-300x210.jpeg 300w, https:\/\/visionsinaloaportal.com.mx\/wp-content\/uploads\/2026\/03\/WhatsApp-Image-2026-03-17-at-3.31.49-PM-1-1024x717.jpeg 1024w, https:\/\/visionsinaloaportal.com.mx\/wp-content\/uploads\/2026\/03\/WhatsApp-Image-2026-03-17-at-3.31.49-PM-1-768x538.jpeg 768w, https:\/\/visionsinaloaportal.com.mx\/wp-content\/uploads\/2026\/03\/WhatsApp-Image-2026-03-17-at-3.31.49-PM-1-1536x1075.jpeg 1536w\" sizes=\"auto, (max-width: 1600px) 100vw, 1600px\" \/><\/p>\n<p>Este incentivo reconoce a los atletas cuyas disciplinas formaron parte de la segunda etapa de la justa deportiva, motivo por el cual sus resultados y est\u00edmulos quedaron pendientes tras la primera entrega realizada en julio pasado.<\/p>\n<p><img loading=\"lazy\" decoding=\"async\" class=\"size-full wp-image-21427 aligncenter\" src=\"https:\/\/visionsinaloaportal.com.mx\/wp-content\/uploads\/2026\/03\/WhatsApp-Image-2026-03-17-at-3.31.52-PM-2.jpeg\" alt=\"\" width=\"1600\" height=\"970\" srcset=\"https:\/\/visionsinaloaportal.com.mx\/wp-content\/uploads\/2026\/03\/WhatsApp-Image-2026-03-17-at-3.31.52-PM-2.jpeg 1600w, https:\/\/visionsinaloaportal.com.mx\/wp-content\/uploads\/2026\/03\/WhatsApp-Image-2026-03-17-at-3.31.52-PM-2-300x182.jpeg 300w, https:\/\/visionsinaloaportal.com.mx\/wp-content\/uploads\/2026\/03\/WhatsApp-Image-2026-03-17-at-3.31.52-PM-2-1024x621.jpeg 1024w, https:\/\/visionsinaloaportal.com.mx\/wp-content\/uploads\/2026\/03\/WhatsApp-Image-2026-03-17-at-3.31.52-PM-2-768x466.jpeg 768w, https:\/\/visionsinaloaportal.com.mx\/wp-content\/uploads\/2026\/03\/WhatsApp-Image-2026-03-17-at-3.31.52-PM-2-1536x931.jpeg 1536w\" sizes=\"auto, (max-width: 1600px) 100vw, 1600px\" \/><\/p>\n<p>El rector, el doctor Jes\u00fas Madue\u00f1a Molina, destac\u00f3 que estos apoyos forman parte de una pol\u00edtica institucional para fortalecer el deporte universitario y reconocer el esfuerzo de quienes ponen en alto el nombre de la instituci\u00f3n.<\/p>\n<p><img loading=\"lazy\" decoding=\"async\" class=\"size-full wp-image-21428 aligncenter\" src=\"https:\/\/visionsinaloaportal.com.mx\/wp-content\/uploads\/2026\/03\/WhatsApp-Image-2026-03-17-at-3.31.50-PM-1.jpeg\" alt=\"\" width=\"1600\" height=\"1064\" srcset=\"https:\/\/visionsinaloaportal.com.mx\/wp-content\/uploads\/2026\/03\/WhatsApp-Image-2026-03-17-at-3.31.50-PM-1.jpeg 1600w, https:\/\/visionsinaloaportal.com.mx\/wp-content\/uploads\/2026\/03\/WhatsApp-Image-2026-03-17-at-3.31.50-PM-1-300x200.jpeg 300w, https:\/\/visionsinaloaportal.com.mx\/wp-content\/uploads\/2026\/03\/WhatsApp-Image-2026-03-17-at-3.31.50-PM-1-1024x681.jpeg 1024w, https:\/\/visionsinaloaportal.com.mx\/wp-content\/uploads\/2026\/03\/WhatsApp-Image-2026-03-17-at-3.31.50-PM-1-768x511.jpeg 768w, https:\/\/visionsinaloaportal.com.mx\/wp-content\/uploads\/2026\/03\/WhatsApp-Image-2026-03-17-at-3.31.50-PM-1-1536x1021.jpeg 1536w\" sizes=\"auto, (max-width: 1600px) 100vw, 1600px\" \/><\/p>\n<p>\u201cYo hice un compromiso con ustedes en el 2021: establec\u00ed dar un est\u00edmulo a los deportistas y entrenadores que obtuvieran una medalla.<\/p>\n<p>Es un esfuerzo que hemos mantenido y que vamos a seguir manteniendo\u201d, detall\u00f3.<\/p>\n<p><img loading=\"lazy\" decoding=\"async\" class=\"size-full wp-image-21429 aligncenter\" src=\"https:\/\/visionsinaloaportal.com.mx\/wp-content\/uploads\/2026\/03\/WhatsApp-Image-2026-03-17-at-3.31.51-PM.jpeg\" alt=\"\" width=\"1600\" height=\"1064\" srcset=\"https:\/\/visionsinaloaportal.com.mx\/wp-content\/uploads\/2026\/03\/WhatsApp-Image-2026-03-17-at-3.31.51-PM.jpeg 1600w, https:\/\/visionsinaloaportal.com.mx\/wp-content\/uploads\/2026\/03\/WhatsApp-Image-2026-03-17-at-3.31.51-PM-300x200.jpeg 300w, https:\/\/visionsinaloaportal.com.mx\/wp-content\/uploads\/2026\/03\/WhatsApp-Image-2026-03-17-at-3.31.51-PM-1024x681.jpeg 1024w, https:\/\/visionsinaloaportal.com.mx\/wp-content\/uploads\/2026\/03\/WhatsApp-Image-2026-03-17-at-3.31.51-PM-768x511.jpeg 768w, https:\/\/visionsinaloaportal.com.mx\/wp-content\/uploads\/2026\/03\/WhatsApp-Image-2026-03-17-at-3.31.51-PM-1536x1021.jpeg 1536w\" sizes=\"auto, (max-width: 1600px) 100vw, 1600px\" \/><\/p>\n<p>Asimismo, resalt\u00f3 el crecimiento de la universidad en el \u00e1mbito deportivo nacional, al pasar de posiciones rezagadas a colocarse entre las mejores instituciones del pa\u00eds: \u201cEn los a\u00f1os 2005-2006, la Universidad Aut\u00f3noma de Sinaloa ocupaba el lugar 41, a veces el 45 a nivel nacional.<\/p>\n<p><img loading=\"lazy\" decoding=\"async\" class=\"alignnone size-full wp-image-21430\" src=\"https:\/\/visionsinaloaportal.com.mx\/wp-content\/uploads\/2026\/03\/WhatsApp-Image-2026-03-17-at-3.31.48-PM-1.jpeg\" alt=\"\" width=\"1600\" height=\"1284\" srcset=\"https:\/\/visionsinaloaportal.com.mx\/wp-content\/uploads\/2026\/03\/WhatsApp-Image-2026-03-17-at-3.31.48-PM-1.jpeg 1600w, https:\/\/visionsinaloaportal.com.mx\/wp-content\/uploads\/2026\/03\/WhatsApp-Image-2026-03-17-at-3.31.48-PM-1-300x241.jpeg 300w, https:\/\/visionsinaloaportal.com.mx\/wp-content\/uploads\/2026\/03\/WhatsApp-Image-2026-03-17-at-3.31.48-PM-1-1024x822.jpeg 1024w, https:\/\/visionsinaloaportal.com.mx\/wp-content\/uploads\/2026\/03\/WhatsApp-Image-2026-03-17-at-3.31.48-PM-1-768x616.jpeg 768w, https:\/\/visionsinaloaportal.com.mx\/wp-content\/uploads\/2026\/03\/WhatsApp-Image-2026-03-17-at-3.31.48-PM-1-1536x1233.jpeg 1536w\" sizes=\"auto, (max-width: 1600px) 100vw, 1600px\" \/><\/p>\n<p>Sin embargo, conociendo el talento que hay en Sinaloa, sab\u00edamos que pod\u00edamos lograrlo\u201d, afirm\u00f3.<\/p>\n<p>A\u00f1adi\u00f3 que en esta etapa se reconoce a atletas de disciplinas espec\u00edficas, lo que permite alcanzar un total de 123 preseas en la competencia.<\/p>\n<p><img loading=\"lazy\" decoding=\"async\" class=\"size-full wp-image-21431 aligncenter\" src=\"https:\/\/visionsinaloaportal.com.mx\/wp-content\/uploads\/2026\/03\/WhatsApp-Image-2026-03-17-at-3.31.51-PM-1.jpeg\" alt=\"\" width=\"1600\" height=\"998\" srcset=\"https:\/\/visionsinaloaportal.com.mx\/wp-content\/uploads\/2026\/03\/WhatsApp-Image-2026-03-17-at-3.31.51-PM-1.jpeg 1600w, https:\/\/visionsinaloaportal.com.mx\/wp-content\/uploads\/2026\/03\/WhatsApp-Image-2026-03-17-at-3.31.51-PM-1-300x187.jpeg 300w, https:\/\/visionsinaloaportal.com.mx\/wp-content\/uploads\/2026\/03\/WhatsApp-Image-2026-03-17-at-3.31.51-PM-1-1024x639.jpeg 1024w, https:\/\/visionsinaloaportal.com.mx\/wp-content\/uploads\/2026\/03\/WhatsApp-Image-2026-03-17-at-3.31.51-PM-1-768x479.jpeg 768w, https:\/\/visionsinaloaportal.com.mx\/wp-content\/uploads\/2026\/03\/WhatsApp-Image-2026-03-17-at-3.31.51-PM-1-1536x958.jpeg 1536w\" sizes=\"auto, (max-width: 1600px) 100vw, 1600px\" \/><\/p>\n<p>\u201cEstamos celebrando 15 medallas que, sumadas a las 108 de la primera etapa, dan un total de 123; esto nos consolida en el tercer lugar nacional del medallero\u201d, puntualiz\u00f3.<\/p>\n<p>Por su parte, el Director General de Deportes, el maestro Fernando Medina Le\u00f3n, subray\u00f3 que este evento representa el reconocimiento al esfuerzo integral de los estudiantes: \u201cHoy nos reunimos para celebrar la dedicaci\u00f3n y el esp\u00edritu competitivo de las y los j\u00f3venes que han representado con orgullo a nuestra Universidad\u201d.<\/p>\n<p><img loading=\"lazy\" decoding=\"async\" class=\"size-full wp-image-21432 aligncenter\" src=\"https:\/\/visionsinaloaportal.com.mx\/wp-content\/uploads\/2026\/03\/WhatsApp-Image-2026-03-17-at-3.31.52-PM-3.jpeg\" alt=\"\" width=\"1600\" height=\"1038\" srcset=\"https:\/\/visionsinaloaportal.com.mx\/wp-content\/uploads\/2026\/03\/WhatsApp-Image-2026-03-17-at-3.31.52-PM-3.jpeg 1600w, https:\/\/visionsinaloaportal.com.mx\/wp-content\/uploads\/2026\/03\/WhatsApp-Image-2026-03-17-at-3.31.52-PM-3-300x195.jpeg 300w, https:\/\/visionsinaloaportal.com.mx\/wp-content\/uploads\/2026\/03\/WhatsApp-Image-2026-03-17-at-3.31.52-PM-3-1024x664.jpeg 1024w, https:\/\/visionsinaloaportal.com.mx\/wp-content\/uploads\/2026\/03\/WhatsApp-Image-2026-03-17-at-3.31.52-PM-3-768x498.jpeg 768w, https:\/\/visionsinaloaportal.com.mx\/wp-content\/uploads\/2026\/03\/WhatsApp-Image-2026-03-17-at-3.31.52-PM-3-1536x996.jpeg 1536w\" sizes=\"auto, (max-width: 1600px) 100vw, 1600px\" \/><\/p>\n<p>En representaci\u00f3n de los deportistas, el medallista de oro en kickboxing, Fabi\u00e1n Mauricio Beltr\u00e1n Gonz\u00e1lez, agradeci\u00f3 el respaldo institucional: \u201cSer deportista universitario implica aprender a equilibrar los sue\u00f1os acad\u00e9micos con las metas deportivas.<\/p>\n<p>Nuestras medallas representan la perseverancia, la disciplina y la fe en uno mismo\u201d, extern\u00f3.<\/p>\n","protected":false},"excerpt":{"rendered":"<p>Cumple el Rector Jes\u00fas Madue\u00f1a su compromiso con el deporte; entrega est\u00edmulos econ\u00f3micos a 48 atletas y 10 entrenadores medallistas de la etapa II de los Nacionales ANUIES 2025 Consolidada como un invernadero y fruct\u00edfero huerto de campeonas y campeones en el \u00e1mbito deportivo nacional, la Universidad Aut\u00f3noma de Sinaloa (UAS) cumpli\u00f3 con la entrega [&hellip;]<\/p>\n","protected":false},"author":1,"featured_media":21424,"comment_status":"open","ping_status":"open","sticky":false,"template":"","format":"gallery","meta":{"footnotes":""},"categories":[179],"tags":[59],"class_list":["post-21423","post","type-post","status-publish","format-gallery","has-post-thumbnail","hentry","category-uas","tag-featured","post_format-post-format-gallery"],"_links":{"self":[{"href":"https:\/\/visionsinaloaportal.com.mx\/index.php?rest_route=\/wp\/v2\/posts\/21423","targetHints":{"allow":["GET"]}}],"collection":[{"href":"https:\/\/visionsinaloaportal.com.mx\/index.php?rest_route=\/wp\/v2\/posts"}],"about":[{"href":"https:\/\/visionsinaloaportal.com.mx\/index.php?rest_route=\/wp\/v2\/types\/post"}],"author":[{"embeddable":true,"href":"https:\/\/visionsinaloaportal.com.mx\/index.php?rest_route=\/wp\/v2\/users\/1"}],"replies":[{"embeddable":true,"href":"https:\/\/visionsinaloaportal.com.mx\/index.php?rest_route=%2Fwp%2Fv2%2Fcomments&post=21423"}],"version-history":[{"count":0,"href":"https:\/\/visionsinaloaportal.com.mx\/index.php?rest_route=\/wp\/v2\/posts\/21423\/revisions"}],"wp:featuredmedia":[{"embeddable":true,"href":"https:\/\/visionsinaloaportal.com.mx\/index.php?rest_route=\/wp\/v2\/media\/21424"}],"wp:attachment":[{"href":"https:\/\/visionsinaloaportal.com.mx\/index.php?rest_route=%2Fwp%2Fv2%2Fmedia&parent=21423"}],"wp:term":[{"taxonomy":"category","embeddable":true,"href":"https:\/\/visionsinaloaportal.com.mx\/index.php?rest_route=%2Fwp%2Fv2%2Fcategories&post=21423"},{"taxonomy":"post_tag","embeddable":true,"href":"https:\/\/visionsinaloaportal.com.mx\/index.php?rest_route=%2Fwp%2Fv2%2Ftags&post=21423"}],"curies":[{"name":"wp","href":"https:\/\/api.w.org\/{rel}","templated":true}]}}